{"id":333,"date":"2022-09-27T19:19:05","date_gmt":"2022-09-27T17:19:05","guid":{"rendered":"http:\/\/tennis-de-table-saint-ave.fr\/?p=333"},"modified":"2022-09-28T13:23:46","modified_gmt":"2022-09-28T11:23:46","slug":"une-bonne-entame-de-saison","status":"publish","type":"post","link":"https:\/\/tennis-de-table-saint-ave.fr\/index.php\/2022\/09\/27\/une-bonne-entame-de-saison\/","title":{"rendered":"Une bonne entame de saison"},"content":{"rendered":"<p style=\"text-align: center;\">Nos deux \u00e9quipes engag\u00e9es pour cette nouvelle saison se sont impos\u00e9es pour la premi\u00e8re journ\u00e9e de la phase 1. Une bonne entame donc pour ce d\u00e9but de saison 2022\/2023, qui plus est, \u00e0 domicile<\/p>\n<ul>\n<li style=\"text-align: center;\">D3: ES ST-AVE (1) 12 &#8211; 2 CTT VANNES MEN. (5)<\/li>\n<li style=\"text-align: center;\">D4: ES ST-AVE (2) 9 &#8211; 5 PLUNERET\/MERIAD (2)<\/li>\n<\/ul>\n<blockquote>\n<p style=\"text-align: center;\">Nico avait le \u00ab\u00a0smile\u00a0\u00bb<\/p>\n<\/blockquote>\n<p style=\"text-align: center;\"><img loading=\"lazy\" decoding=\"async\" src=\"http:\/\/tennis-de-table-saint-ave.fr\/wp-content\/uploads\/2022\/09\/D4PH1-300x225.jpg\" alt=\"\" class=\"alignnone wp-image-331\" width=\"500\" height=\"375\" srcset=\"https:\/\/tennis-de-table-saint-ave.fr\/wp-content\/uploads\/2022\/09\/D4PH1-300x225.jpg 300w, https:\/\/tennis-de-table-saint-ave.fr\/wp-content\/uploads\/2022\/09\/D4PH1-1024x768.jpg 1024w, https:\/\/tennis-de-table-saint-ave.fr\/wp-content\/uploads\/2022\/09\/D4PH1-768x576.jpg 768w, https:\/\/tennis-de-table-saint-ave.fr\/wp-content\/uploads\/2022\/09\/D4PH1-1536x1152.jpg 1536w, https:\/\/tennis-de-table-saint-ave.fr\/wp-content\/uploads\/2022\/09\/D4PH1-2048x1536.jpg 2048w\" sizes=\"auto, (max-width: 500px) 100vw, 500px\" \/><\/p>\n<p style=\"text-align: center;\"><img loading=\"lazy\" decoding=\"async\" src=\"http:\/\/tennis-de-table-saint-ave.fr\/wp-content\/uploads\/2022\/09\/D3PH1-300x225.jpg\" alt=\"\" class=\"alignnone wp-image-323\" width=\"500\" height=\"375\" srcset=\"https:\/\/tennis-de-table-saint-ave.fr\/wp-content\/uploads\/2022\/09\/D3PH1-300x225.jpg 300w, https:\/\/tennis-de-table-saint-ave.fr\/wp-content\/uploads\/2022\/09\/D3PH1-1024x768.jpg 1024w, https:\/\/tennis-de-table-saint-ave.fr\/wp-content\/uploads\/2022\/09\/D3PH1-768x576.jpg 768w, https:\/\/tennis-de-table-saint-ave.fr\/wp-content\/uploads\/2022\/09\/D3PH1-1536x1152.jpg 1536w, https:\/\/tennis-de-table-saint-ave.fr\/wp-content\/uploads\/2022\/09\/D3PH1-2048x1536.jpg 2048w\" sizes=\"auto, (max-width: 500px) 100vw, 500px\" \/><\/p>\n<p style=\"text-align: center;\">Une premi\u00e8re \u00e9galement pour le club avec la saisie en direct \u00ab\u00a0live\u00a0\u00bb sur SPIDE, histoire de se mettre \u00e0 la page et tourner une autre page, celle de la feuille de match papier!<\/p>\n<blockquote>\n<p style=\"text-align: center;\">Guillaume, le pr\u00e9sident du club nouvellement \u00e9lu mais \u00e9galement encadrant sportif \u00e9tait aux manettes! Enfin au clavier&#8230; et au mulot!<\/p>\n<\/blockquote>\n<div id=\"attachment_353\" style=\"width: 510px\" class=\"wp-caption aligncenter\"><img loading=\"lazy\" decoding=\"async\" aria-describedby=\"caption-attachment-353\" src=\"http:\/\/tennis-de-table-saint-ave.fr\/wp-content\/uploads\/2022\/09\/IMG_2410-225x300.jpg\" alt=\"\" class=\"wp-image-353\" width=\"500\" height=\"667\" srcset=\"https:\/\/tennis-de-table-saint-ave.fr\/wp-content\/uploads\/2022\/09\/IMG_2410-225x300.jpg 225w, https:\/\/tennis-de-table-saint-ave.fr\/wp-content\/uploads\/2022\/09\/IMG_2410-768x1024.jpg 768w, https:\/\/tennis-de-table-saint-ave.fr\/wp-content\/uploads\/2022\/09\/IMG_2410-1152x1536.jpg 1152w, https:\/\/tennis-de-table-saint-ave.fr\/wp-content\/uploads\/2022\/09\/IMG_2410-1536x2048.jpg 1536w, https:\/\/tennis-de-table-saint-ave.fr\/wp-content\/uploads\/2022\/09\/IMG_2410-scaled.jpg 1920w\" sizes=\"auto, (max-width: 500px) 100vw, 500px\" \/><p id=\"caption-attachment-353\" class=\"wp-caption-text\">Jean-Yves, G\u00e9rard et Guillaume lors du dernier forum des associations<\/p><\/div>\n<p style=\"text-align: center;\">La prochaine journ\u00e9e se jouera \u00e0 l&rsquo;ext\u00e9rieur pour nos deux \u00e9quipes: la D3 se rendra \u00e0 l&rsquo;ASPTT de Vannes et la D4 prendra la route de Plescop.<\/p>\n<p style=\"text-align: center;\"><a href=\"http:\/\/tennis-de-table-saint-ave.fr\/index.php\/lequipe-1-d3\/\" target=\"_blank\" rel=\"noopener\">Calendrier et r\u00e9sultats de la D3<\/a><\/p>\n<p style=\"text-align: center;\"><a href=\"http:\/\/tennis-de-table-saint-ave.fr\/index.php\/lequipe-2-d4\/\" target=\"_blank\" rel=\"noopener\">Calendrier et r\u00e9sultats de la D4<\/a><\/p>\n<hr \/>\n<p><img loading=\"lazy\" decoding=\"async\" src=\"http:\/\/tennis-de-table-saint-ave.fr\/wp-content\/uploads\/2022\/03\/LogoBandeauSite-300x82.png\" alt=\"\" class=\"size-medium wp-image-71 aligncenter\" width=\"300\" height=\"82\" srcset=\"https:\/\/tennis-de-table-saint-ave.fr\/wp-content\/uploads\/2022\/03\/LogoBandeauSite-300x82.png 300w, https:\/\/tennis-de-table-saint-ave.fr\/wp-content\/uploads\/2022\/03\/LogoBandeauSite.png 587w\" sizes=\"auto, (max-width: 300px) 100vw, 300px\" \/><\/p>\n","protected":false},"excerpt":{"rendered":"<p>Nos deux \u00e9quipes engag\u00e9es pour cette nouvelle saison se sont impos\u00e9es pour la premi\u00e8re journ\u00e9e de la phase 1. Une bonne entame donc pour ce d\u00e9but de saison 2022\/2023, qui plus est, \u00e0 domicile D3: ES ST-AVE (1) 12 &#8211; 2 CTT VANNES MEN. (5) D4: ES ST-AVE (2) 9 [&hellip;]<\/p>\n","protected":false},"author":1,"featured_media":323,"comment_status":"closed","ping_status":"closed","sticky":false,"template":"","format":"standard","meta":{"footnotes":""},"categories":[6,7,8,12],"tags":[],"class_list":["post-333","post","type-post","status-publish","format-standard","has-post-thumbnail","hentry","category-championnat-par-equipes","category-d4","category-d3","category-saison-2022-2023"],"_links":{"self":[{"href":"https:\/\/tennis-de-table-saint-ave.fr\/index.php\/wp-json\/wp\/v2\/posts\/333","targetHints":{"allow":["GET"]}}],"collection":[{"href":"https:\/\/tennis-de-table-saint-ave.fr\/index.php\/wp-json\/wp\/v2\/posts"}],"about":[{"href":"https:\/\/tennis-de-table-saint-ave.fr\/index.php\/wp-json\/wp\/v2\/types\/post"}],"author":[{"embeddable":true,"href":"https:\/\/tennis-de-table-saint-ave.fr\/index.php\/wp-json\/wp\/v2\/users\/1"}],"replies":[{"embeddable":true,"href":"https:\/\/tennis-de-table-saint-ave.fr\/index.php\/wp-json\/wp\/v2\/comments?post=333"}],"version-history":[{"count":10,"href":"https:\/\/tennis-de-table-saint-ave.fr\/index.php\/wp-json\/wp\/v2\/posts\/333\/revisions"}],"predecessor-version":[{"id":354,"href":"https:\/\/tennis-de-table-saint-ave.fr\/index.php\/wp-json\/wp\/v2\/posts\/333\/revisions\/354"}],"wp:featuredmedia":[{"embeddable":true,"href":"https:\/\/tennis-de-table-saint-ave.fr\/index.php\/wp-json\/wp\/v2\/media\/323"}],"wp:attachment":[{"href":"https:\/\/tennis-de-table-saint-ave.fr\/index.php\/wp-json\/wp\/v2\/media?parent=333"}],"wp:term":[{"taxonomy":"category","embeddable":true,"href":"https:\/\/tennis-de-table-saint-ave.fr\/index.php\/wp-json\/wp\/v2\/categories?post=333"},{"taxonomy":"post_tag","embeddable":true,"href":"https:\/\/tennis-de-table-saint-ave.fr\/index.php\/wp-json\/wp\/v2\/tags?post=333"}],"curies":[{"name":"wp","href":"https:\/\/api.w.org\/{rel}","templated":true}]}}